{"id":28597,"date":"2025-05-05T14:18:23","date_gmt":"2025-05-05T17:18:23","guid":{"rendered":"https:\/\/grupocorpo.com.br\/?p=28597"},"modified":"2026-02-24T00:01:56","modified_gmt":"2026-02-24T03:01:56","slug":"2025-05-no-teatro-com-o-grupo-corpo","status":"publish","type":"post","link":"https:\/\/grupocorpo.com.br\/en\/2025-05-no-teatro-com-o-grupo-corpo\/","title":{"rendered":"IN THE THEATRE WITH GRUPO CORPO | 2025"},"content":{"rendered":"<p class=\"p1\">IN THE THEATRE WITH GRUPO CORPO | 2025<\/p>\n<p>In May, we held the 4th edition of the &quot;In the Theater with Grupo Corpo&quot; project \u2014 <strong>an experience geared towards children and teenagers from public and private schools.<\/strong>, already incorporated into our annual program in Belo Horizonte.<\/p>\n<p>On the 21st and 22nd, at the Unimed-BH Minas Cultural Center Theater, students will attend the ballet 21 and participate in a conversation with the company&#039;s dancers.<\/p>\n<p><span class=\"s1\">?<\/span> May 21st and 22nd, at 3 PM<br \/>\n<span class=\"s1\">?<\/span> Theater at the Unimed-BH Minas Cultural Center<br \/>\n<span class=\"s1\">\ud83d\ude18<\/span> Half-price tickets for everyone \u2014 special price this season.<br \/>\n<span class=\"s1\">?<\/span> <strong>Schools interested in participating should write to: <a href=\"mailto:grupocorpo@grupocorpo.com.br\"><span class=\"s2\">grupocorpo@grupocorpo.com.br<\/span><\/a><\/strong><br \/>\nThere are also quotas of free tickets reserved for public schools.<\/p>\n<p><img loading=\"lazy\" decoding=\"async\" class=\"alignnone wp-image-28814\" src=\"https:\/\/grupocorpo.com.br\/wp-content\/uploads\/2025\/05\/No-Teatro-com-o-GC-2025-1x1-1-300x300.jpg\" alt=\"\" width=\"335\" height=\"335\" srcset=\"https:\/\/studio416x-global.b-cdn.net\/grupo-corpo\/2025\/05\/No-Teatro-com-o-GC-2025-1x1-1-300x300.jpg 300w, https:\/\/studio416x-global.b-cdn.net\/grupo-corpo\/2025\/05\/No-Teatro-com-o-GC-2025-1x1-1-1024x1024.jpg 1024w, https:\/\/studio416x-global.b-cdn.net\/grupo-corpo\/2025\/05\/No-Teatro-com-o-GC-2025-1x1-1-150x150.jpg 150w, https:\/\/studio416x-global.b-cdn.net\/grupo-corpo\/2025\/05\/No-Teatro-com-o-GC-2025-1x1-1-768x768.jpg 768w, https:\/\/studio416x-global.b-cdn.net\/grupo-corpo\/2025\/05\/No-Teatro-com-o-GC-2025-1x1-1-1536x1536.jpg 1536w, https:\/\/studio416x-global.b-cdn.net\/grupo-corpo\/2025\/05\/No-Teatro-com-o-GC-2025-1x1-1-2048x2048.jpg 2048w\" sizes=\"auto, (max-width: 335px) 100vw, 335px\" \/>\u00a0 \u00a0 \u00a0 \u00a0 \u00a0 \u00a0 \u00a0 \u00a0 \u00a0\u00a0<img loading=\"lazy\" decoding=\"async\" class=\"alignnone wp-image-28816\" src=\"https:\/\/grupocorpo.com.br\/wp-content\/uploads\/2025\/05\/No-Teatro-com-o-GC-2025-1x1-patroc-300x300.png\" alt=\"\" width=\"336\" height=\"336\" srcset=\"https:\/\/studio416x-global.b-cdn.net\/grupo-corpo\/2025\/05\/No-Teatro-com-o-GC-2025-1x1-patroc-300x300.png 300w, https:\/\/studio416x-global.b-cdn.net\/grupo-corpo\/2025\/05\/No-Teatro-com-o-GC-2025-1x1-patroc-1024x1024.png 1024w, https:\/\/studio416x-global.b-cdn.net\/grupo-corpo\/2025\/05\/No-Teatro-com-o-GC-2025-1x1-patroc-150x150.png 150w, https:\/\/studio416x-global.b-cdn.net\/grupo-corpo\/2025\/05\/No-Teatro-com-o-GC-2025-1x1-patroc-768x768.png 768w, https:\/\/studio416x-global.b-cdn.net\/grupo-corpo\/2025\/05\/No-Teatro-com-o-GC-2025-1x1-patroc-1536x1536.png 1536w, https:\/\/studio416x-global.b-cdn.net\/grupo-corpo\/2025\/05\/No-Teatro-com-o-GC-2025-1x1-patroc-2048x2048.png 2048w\" sizes=\"auto, (max-width: 336px) 100vw, 336px\" \/><\/p>\n<p>This project is sponsored by Cemig and Pinheiro Neto Advogados, through the Federal Law for Cultural Incentive and the State Law for Cultural Incentive of Minas Gerais.<\/p>","protected":false},"excerpt":{"rendered":"<p>NO TEATRO COM O GRUPO CORPO | 2025 Em maio, realizamos a 4\u00aa edi\u00e7\u00e3o do projeto No Teatro com o Grupo Corpo \u2014 uma viv\u00eancia voltada para crian\u00e7as e adolescentes de escolas p\u00fablicas e privadas, j\u00e1 incorporada \u00e0 nossa programa\u00e7\u00e3o anual em Belo Horizonte. Nos dias 21 e 22, no Teatro do Centro Cultural Unimed-BH [&hellip;]<\/p>\n","protected":false},"author":4,"featured_media":44499,"comment_status":"closed","ping_status":"closed","sticky":false,"template":"","format":"standard","meta":{"footnotes":""},"categories":[3,38,1,11,14],"tags":[],"class_list":["post-28597","post","type-post","status-publish","format-standard","has-post-thumbnail","hentry","category-agenda","category-audicao","category-nao-categorizado","category-novidades","category-sem-categoria"],"_links":{"self":[{"href":"https:\/\/grupocorpo.com.br\/en\/wp-json\/wp\/v2\/posts\/28597","targetHints":{"allow":["GET"]}}],"collection":[{"href":"https:\/\/grupocorpo.com.br\/en\/wp-json\/wp\/v2\/posts"}],"about":[{"href":"https:\/\/grupocorpo.com.br\/en\/wp-json\/wp\/v2\/types\/post"}],"author":[{"embeddable":true,"href":"https:\/\/grupocorpo.com.br\/en\/wp-json\/wp\/v2\/users\/4"}],"replies":[{"embeddable":true,"href":"https:\/\/grupocorpo.com.br\/en\/wp-json\/wp\/v2\/comments?post=28597"}],"version-history":[{"count":0,"href":"https:\/\/grupocorpo.com.br\/en\/wp-json\/wp\/v2\/posts\/28597\/revisions"}],"wp:featuredmedia":[{"embeddable":true,"href":"https:\/\/grupocorpo.com.br\/en\/wp-json\/wp\/v2\/media\/44499"}],"wp:attachment":[{"href":"https:\/\/grupocorpo.com.br\/en\/wp-json\/wp\/v2\/media?parent=28597"}],"wp:term":[{"taxonomy":"category","embeddable":true,"href":"https:\/\/grupocorpo.com.br\/en\/wp-json\/wp\/v2\/categories?post=28597"},{"taxonomy":"post_tag","embeddable":true,"href":"https:\/\/grupocorpo.com.br\/en\/wp-json\/wp\/v2\/tags?post=28597"}],"curies":[{"name":"wp","href":"https:\/\/api.w.org\/{rel}","templated":true}]}}