{"id":41463,"date":"2025-08-22T13:31:10","date_gmt":"2025-08-22T16:31:10","guid":{"rendered":"https:\/\/grupocorpo.com.br\/?p=41463"},"modified":"2026-04-08T01:39:40","modified_gmt":"2026-04-08T04:39:40","slug":"piracema-no-rio-de-janeiro-ingressos","status":"publish","type":"post","link":"https:\/\/grupocorpo.com.br\/en\/piracema-no-rio-de-janeiro-ingressos\/","title":{"rendered":"PIRACEMA NO RIO DE JANEIRO &#8211; INGRESSOS"},"content":{"rendered":"<p class=\"p1\">? Rio de Janeiro, estamos chegando.<\/p>\n<p class=\"p1\">De 18 a 21\/09, Piracema estar\u00e1 no palco do Theatro Municipal.<\/p>\n<p class=\"p1\">Os ingressos est\u00e3o dispon\u00edveis na bilheteria do teatro e online <a href=\"https:\/\/feverup.com\/m\/396011\" target=\"_blank\" rel=\"noopener\">neste link<\/a>:<\/p>\n<p class=\"p1\">______________<br \/>\n<strong>Parabelo e Piracema<\/strong><br \/>\nTheatro Municipal do Rio de Janeiro<br \/>\n18 a 21 de setembro<br \/>\n[qui. a s\u00e1b, 20h \u2022 dom, 17h]<\/p>\n<div class=\"image-container\"><img loading=\"lazy\" decoding=\"async\" class=\"alignnone wp-image-41464\" src=\"https:\/\/grupocorpo.com.br\/wp-content\/uploads\/2025\/08\/Post-4x5-Rio-2-v2-240x300.png\" alt=\"\" width=\"353\" height=\"441\" srcset=\"https:\/\/studio416x-global.b-cdn.net\/grupo-corpo\/2025\/08\/Post-4x5-Rio-2-v2-240x300.png 240w, https:\/\/studio416x-global.b-cdn.net\/grupo-corpo\/2025\/08\/Post-4x5-Rio-2-v2-819x1024.png 819w, https:\/\/studio416x-global.b-cdn.net\/grupo-corpo\/2025\/08\/Post-4x5-Rio-2-v2-768x960.png 768w, https:\/\/studio416x-global.b-cdn.net\/grupo-corpo\/2025\/08\/Post-4x5-Rio-2-v2-1229x1536.png 1229w, https:\/\/studio416x-global.b-cdn.net\/grupo-corpo\/2025\/08\/Post-4x5-Rio-2-v2.png 1485w\" sizes=\"auto, (max-width: 353px) 100vw, 353px\" \/><\/div>\n","protected":false},"excerpt":{"rendered":"<p>? Rio de Janeiro, estamos chegando. De 18 a 21\/09, Piracema estar\u00e1 no palco do Theatro Municipal. Os ingressos est\u00e3o dispon\u00edveis na bilheteria do teatro e online neste link: ______________ Parabelo e Piracema Theatro Municipal do Rio de Janeiro 18 a 21 de setembro [qui. a s\u00e1b, 20h \u2022 dom, 17h]<\/p>\n","protected":false},"author":4,"featured_media":44499,"comment_status":"closed","ping_status":"closed","sticky":false,"template":"","format":"standard","meta":{"footnotes":""},"categories":[3,38,1,11],"tags":[],"class_list":["post-41463","post","type-post","status-publish","format-standard","has-post-thumbnail","hentry","category-agenda","category-audicao","category-nao-categorizado","category-novidades"],"_links":{"self":[{"href":"https:\/\/grupocorpo.com.br\/en\/wp-json\/wp\/v2\/posts\/41463","targetHints":{"allow":["GET"]}}],"collection":[{"href":"https:\/\/grupocorpo.com.br\/en\/wp-json\/wp\/v2\/posts"}],"about":[{"href":"https:\/\/grupocorpo.com.br\/en\/wp-json\/wp\/v2\/types\/post"}],"author":[{"embeddable":true,"href":"https:\/\/grupocorpo.com.br\/en\/wp-json\/wp\/v2\/users\/4"}],"replies":[{"embeddable":true,"href":"https:\/\/grupocorpo.com.br\/en\/wp-json\/wp\/v2\/comments?post=41463"}],"version-history":[{"count":0,"href":"https:\/\/grupocorpo.com.br\/en\/wp-json\/wp\/v2\/posts\/41463\/revisions"}],"wp:featuredmedia":[{"embeddable":true,"href":"https:\/\/grupocorpo.com.br\/en\/wp-json\/wp\/v2\/media\/44499"}],"wp:attachment":[{"href":"https:\/\/grupocorpo.com.br\/en\/wp-json\/wp\/v2\/media?parent=41463"}],"wp:term":[{"taxonomy":"category","embeddable":true,"href":"https:\/\/grupocorpo.com.br\/en\/wp-json\/wp\/v2\/categories?post=41463"},{"taxonomy":"post_tag","embeddable":true,"href":"https:\/\/grupocorpo.com.br\/en\/wp-json\/wp\/v2\/tags?post=41463"}],"curies":[{"name":"wp","href":"https:\/\/api.w.org\/{rel}","templated":true}]}}