{"id":42711,"date":"2025-09-24T20:05:30","date_gmt":"2025-09-24T23:05:30","guid":{"rendered":"https:\/\/grupocorpo.com.br\/?p=42711"},"modified":"2026-04-08T01:39:29","modified_gmt":"2026-04-08T04:39:29","slug":"recife-ingressos","status":"publish","type":"post","link":"https:\/\/grupocorpo.com.br\/en\/recife-ingressos\/","title":{"rendered":"RECIFE &#8211; RETIRADA DE INGRESSOS"},"content":{"rendered":"<p data-start=\"381\" data-end=\"548\"><strong data-start=\"381\" data-end=\"412\">Aten\u00e7\u00e3o, pessoal de Recife!\u00a0<\/strong><br data-start=\"412\" data-end=\"415\" \/>Vamos nos apresentar no <strong data-start=\"439\" data-end=\"488\">28\u00ba Festival Internacional de Dan\u00e7a de Recife<\/strong>, dias <strong data-start=\"495\" data-end=\"517\">17 e 18 de outubro<\/strong>, no <strong data-start=\"522\" data-end=\"545\">Teatro Santa Isabel<\/strong>.<\/p>\n<p data-start=\"550\" data-end=\"677\">Os ingressos ser\u00e3o distribu\u00eddos na bilheteria, uma hora antes de cada sess\u00e3o, em troca de <strong data-start=\"640\" data-end=\"674\">1 kg de alimento n\u00e3o perec\u00edvel<\/strong>.<\/p>\n<p class=\"p1\"><b>PARABELO e PIRACEMA<\/b><\/p>\n<p class=\"p1\"><b>17 e 18 de outubro<br \/>\nTeatro Santa Isabel<br \/>\n<\/b>[sex, 19h \u2022 s\u00e1b, 20h]<\/p>\n<p class=\"p1\">Ingressos distribu\u00eddos uma hora antes de cada sess\u00e3o, na bilheteria do teatro.<\/p>\n<p class=\"p1\">O p\u00fablico dever\u00e1 trocar o ingresso por 1 kg de alimento n\u00e3o perec\u00edvel.<\/p>\n<p><img loading=\"lazy\" decoding=\"async\" class=\"alignnone wp-image-42715\" src=\"https:\/\/grupocorpo.com.br\/wp-content\/uploads\/2025\/09\/Post-impulsionado-Recife-1x1-1-v3-300x300.jpg\" alt=\"\" width=\"431\" height=\"431\" srcset=\"https:\/\/studio416x-global.b-cdn.net\/grupo-corpo\/2025\/09\/Post-impulsionado-Recife-1x1-1-v3-300x300.jpg 300w, https:\/\/studio416x-global.b-cdn.net\/grupo-corpo\/2025\/09\/Post-impulsionado-Recife-1x1-1-v3-1024x1024.jpg 1024w, https:\/\/studio416x-global.b-cdn.net\/grupo-corpo\/2025\/09\/Post-impulsionado-Recife-1x1-1-v3-150x150.jpg 150w, https:\/\/studio416x-global.b-cdn.net\/grupo-corpo\/2025\/09\/Post-impulsionado-Recife-1x1-1-v3-768x768.jpg 768w, https:\/\/studio416x-global.b-cdn.net\/grupo-corpo\/2025\/09\/Post-impulsionado-Recife-1x1-1-v3-1536x1536.jpg 1536w, https:\/\/studio416x-global.b-cdn.net\/grupo-corpo\/2025\/09\/Post-impulsionado-Recife-1x1-1-v3-2048x2048.jpg 2048w\" sizes=\"auto, (max-width: 431px) 100vw, 431px\" \/>.<\/p>\n","protected":false},"excerpt":{"rendered":"<p>Aten\u00e7\u00e3o, pessoal de Recife!\u00a0Vamos nos apresentar no 28\u00ba Festival Internacional de Dan\u00e7a de Recife, dias 17 e 18 de outubro, no Teatro Santa Isabel. Os ingressos ser\u00e3o distribu\u00eddos na bilheteria, uma hora antes de cada sess\u00e3o, em troca de 1 kg de alimento n\u00e3o perec\u00edvel. PARABELO e PIRACEMA 17 e 18 de outubro Teatro Santa [&hellip;]<\/p>\n","protected":false},"author":4,"featured_media":44499,"comment_status":"closed","ping_status":"closed","sticky":false,"template":"","format":"standard","meta":{"footnotes":""},"categories":[38,1],"tags":[],"class_list":["post-42711","post","type-post","status-publish","format-standard","has-post-thumbnail","hentry","category-audicao","category-nao-categorizado"],"_links":{"self":[{"href":"https:\/\/grupocorpo.com.br\/en\/wp-json\/wp\/v2\/posts\/42711","targetHints":{"allow":["GET"]}}],"collection":[{"href":"https:\/\/grupocorpo.com.br\/en\/wp-json\/wp\/v2\/posts"}],"about":[{"href":"https:\/\/grupocorpo.com.br\/en\/wp-json\/wp\/v2\/types\/post"}],"author":[{"embeddable":true,"href":"https:\/\/grupocorpo.com.br\/en\/wp-json\/wp\/v2\/users\/4"}],"replies":[{"embeddable":true,"href":"https:\/\/grupocorpo.com.br\/en\/wp-json\/wp\/v2\/comments?post=42711"}],"version-history":[{"count":0,"href":"https:\/\/grupocorpo.com.br\/en\/wp-json\/wp\/v2\/posts\/42711\/revisions"}],"wp:featuredmedia":[{"embeddable":true,"href":"https:\/\/grupocorpo.com.br\/en\/wp-json\/wp\/v2\/media\/44499"}],"wp:attachment":[{"href":"https:\/\/grupocorpo.com.br\/en\/wp-json\/wp\/v2\/media?parent=42711"}],"wp:term":[{"taxonomy":"category","embeddable":true,"href":"https:\/\/grupocorpo.com.br\/en\/wp-json\/wp\/v2\/categories?post=42711"},{"taxonomy":"post_tag","embeddable":true,"href":"https:\/\/grupocorpo.com.br\/en\/wp-json\/wp\/v2\/tags?post=42711"}],"curies":[{"name":"wp","href":"https:\/\/api.w.org\/{rel}","templated":true}]}}