{"id":44509,"date":"2026-04-08T01:37:41","date_gmt":"2026-04-08T04:37:41","guid":{"rendered":"https:\/\/grupocorpo.com.br\/?p=44509"},"modified":"2026-04-08T01:45:08","modified_gmt":"2026-04-08T04:45:08","slug":"grupo-corpo-volta-ao-rio-com-piracema","status":"publish","type":"post","link":"https:\/\/grupocorpo.com.br\/en\/grupo-corpo-volta-ao-rio-com-piracema\/","title":{"rendered":"GRUPO CORPO VOLTA AO RIO COM PIRACEMA"},"content":{"rendered":"<p>Levaremos ao Teatro Multiplan VillageMall duas obras marcantes do nosso repert\u00f3rio: 21, de 1992, coreografia de Rodrigo Pederneiras que consolidou a linguagem da companhia; e PIRACEMA, cria\u00e7\u00e3o que comemorou os 50 anos de atividades do Corpo em 2025, de Rodrigo e Cassi Abranches, dois bal\u00e9s fundamentalmente representativos de nossa trajet\u00f3ria.<\/p>\n<p>O programa abre com 21 (1992), cria\u00e7\u00e3o que marcou a consolida\u00e7\u00e3o da linguagem art\u00edstica da companhia na excel\u00eancia e na originalidade dos irm\u00e3os Paulo e Rodrigo Pederneiras, diretor art\u00edstico e core\u00f3grafo. A segunda parte traz Piracema (2025), obra que celebrou 50 anos de carreira do grupo, e estreou a colabora\u00e7\u00e3o de Cassi Abranches dividindo com Rodrigo a posi\u00e7\u00e3o de core\u00f3grafa residente. A m\u00fasica \u00e9 de Clarice Assad.<\/p>\n<p>O Grupo Corpo \u00e9 apresentado pela Petrobras e conta com o patroc\u00ednio da Vivo e da Vale, por meio da Lei Federal de Incentivo \u00e0 Cultura.<\/p>\n<div class=\"event-information-container\">\n<p class=\"title sta-event-week-date-text\">\ud83d\udcc6 <strong>6 a 10 de Maio de 2026<\/strong><\/p>\n<\/div>\n<div class=\"event-information-container\">\n<div>\n<p class=\"title sta-event-week-date-text\">\ud83d\udd57 <strong>Quarta a S\u00e1bado \u00e0s 20h00, Domingo \u00e0s 17h00<\/strong><\/p>\n<p><strong>Ingressos:<br \/>\n<\/strong><a href=\"https:\/\/bileto.sympla.com.br\/event\/118949\/d\/377841?algoliaID=0ee5a8d98bab30c88876b93aa793686f&amp;_gl=1*9owz2u*_gcl_au*MTkwMTg2ODI4Ni4xNzc0MzYxNzk5*_ga*MTQ5MjgwNTc5My4xNzc0MzYxODAw*_ga_KXH10SQTZF*czE3NzU2MjE1NTYkbzIkZzEkdDE3NzU2MjE1NzkkajM3JGwwJGg5MTU0NTQ1MTc.\" target=\"_blank\" rel=\"noopener\">Sympla<\/a><br \/>\nBilheteria F\u00edsica<br \/>\n(Ter\u00e7a a S\u00e1bado 13h \u00e0s 21h e Domingo de 13h \u00e0s 20h)<br \/>\nTotem de Autoatendimento VillageMall<\/p>\n<\/div>\n<\/div>","protected":false},"excerpt":{"rendered":"<p>Levaremos ao Teatro Multiplan VillageMall duas obras marcantes do nosso repert\u00f3rio: 21, de 1992, coreografia de Rodrigo Pederneiras que consolidou a linguagem da companhia; e PIRACEMA, cria\u00e7\u00e3o que comemorou os 50 anos de atividades do Corpo em 2025, de Rodrigo e Cassi Abranches, dois bal\u00e9s fundamentalmente representativos de nossa trajet\u00f3ria. O programa abre com 21 [&hellip;]<\/p>\n","protected":false},"author":5,"featured_media":0,"comment_status":"closed","ping_status":"closed","sticky":false,"template":"","format":"standard","meta":{"footnotes":""},"categories":[1],"tags":[],"class_list":["post-44509","post","type-post","status-publish","format-standard","hentry","category-nao-categorizado"],"_links":{"self":[{"href":"https:\/\/grupocorpo.com.br\/en\/wp-json\/wp\/v2\/posts\/44509","targetHints":{"allow":["GET"]}}],"collection":[{"href":"https:\/\/grupocorpo.com.br\/en\/wp-json\/wp\/v2\/posts"}],"about":[{"href":"https:\/\/grupocorpo.com.br\/en\/wp-json\/wp\/v2\/types\/post"}],"author":[{"embeddable":true,"href":"https:\/\/grupocorpo.com.br\/en\/wp-json\/wp\/v2\/users\/5"}],"replies":[{"embeddable":true,"href":"https:\/\/grupocorpo.com.br\/en\/wp-json\/wp\/v2\/comments?post=44509"}],"version-history":[{"count":0,"href":"https:\/\/grupocorpo.com.br\/en\/wp-json\/wp\/v2\/posts\/44509\/revisions"}],"wp:attachment":[{"href":"https:\/\/grupocorpo.com.br\/en\/wp-json\/wp\/v2\/media?parent=44509"}],"wp:term":[{"taxonomy":"category","embeddable":true,"href":"https:\/\/grupocorpo.com.br\/en\/wp-json\/wp\/v2\/categories?post=44509"},{"taxonomy":"post_tag","embeddable":true,"href":"https:\/\/grupocorpo.com.br\/en\/wp-json\/wp\/v2\/tags?post=44509"}],"curies":[{"name":"wp","href":"https:\/\/api.w.org\/{rel}","templated":true}]}}